{"id":12919,"date":"2023-10-18T13:14:16","date_gmt":"2023-10-18T13:14:16","guid":{"rendered":"http:\/\/socialivx.web.ua.pt\/?p=12919"},"modified":"2025-03-18T16:16:51","modified_gmt":"2025-03-18T16:16:51","slug":"socialitv-at-jauti2023","status":"publish","type":"post","link":"https:\/\/socialivx.web.ua.pt\/index.php\/2023\/10\/18\/socialitv-at-jauti2023\/","title":{"rendered":"Social iVX team attended jAUTI2023"},"content":{"rendered":"<div id=\"pl-12919\"  class=\"panel-layout\" ><div id=\"pg-12919-0\"  class=\"panel-grid panel-no-style\" ><div id=\"pgc-12919-0-0\"  class=\"panel-grid-cell\" ><div id=\"panel-12919-0-0-0\" class=\"so-panel widget_text panel-first-child\" data-index=\"0\" style=\"margin-bottom: 30px\" ><h3 class=\"widget-title\">Social iVX at jAUTI2023<\/h3>\t\t\t<div class=\"textwidget\"><p><span style=\"font-weight: 400;\">Social iVX was present at the <a href=\"https:\/\/freeauti.interactvty.com\/web\/#\/content\/\" target=\"_blank\" rel=\"noopener\">jAUTI2023 conference<\/a> &#8211; XII Jornadas Iberoamericanas sobre Aplicaciones y Usabilidad de la TV Interactiva. The event was held as part of the Cybersociety 2023 congress, which took place on October 16 and 17 in Havana, Cuba.<\/span><\/p>\n<p><span style=\"font-weight: 400;\">PhD students Gabriel Faria and Juliana Camargo presented papers relating to their respective doctorates. First, Juliana presented the paper &#8220;HUGTV prototype: integrating proactive TV notifications to empower elderly social connections&#8221;, which she signed alongside her supervisors, professors Telmo Silva and Jorge Ferraz de Abreu.<\/span><\/p>\n<\/div>\n\t\t<\/div><div id=\"panel-12919-0-0-1\" class=\"so-panel widget_themegrill_suffice_image tg-widget tg-image-widget\" data-index=\"1\" style=\"margin-bottom: 30px\" >\t<img decoding=\"async\" src=\"http:\/\/socialivx.web.ua.pt\/wp-content\/uploads\/2023\/10\/Captura-de-Tela-2023-10-18-a\u0300s-13.58.21.png\" \/>\n<\/div><div id=\"panel-12919-0-0-2\" class=\"so-panel widget_text\" data-index=\"2\" style=\"margin-bottom: 30px\" >\t\t\t<div class=\"textwidget\"><p><span style=\"font-weight: 400;\">In another session, Gabriel presented the paper &#8220;<\/span><span style=\"font-weight: 400;\">Tirar os Seniores do Sof\u00e1: uma Estrat\u00e9gia de Gamifica\u00e7\u00e3o Integrada na TV<\/span><span style=\"font-weight: 400;\">&#8220;, written by him and his supervisors Telmo Silva and Jorge Ferraz de Abreu.<\/span><\/p>\n<\/div>\n\t\t<\/div><div id=\"panel-12919-0-0-3\" class=\"so-panel widget_themegrill_suffice_image tg-widget tg-image-widget\" data-index=\"3\" style=\"margin-bottom: 30px\" >\t<img decoding=\"async\" src=\"http:\/\/socialivx.web.ua.pt\/wp-content\/uploads\/2023\/10\/Captura-de-Tela-2023-10-18-a\u0300s-13.58.46.png\" \/>\n<\/div><div id=\"panel-12919-0-0-4\" class=\"so-panel widget_text\" data-index=\"4\" style=\"margin-bottom: 30px\" >\t\t\t<div class=\"textwidget\"><p><span style=\"font-weight: 400;\">Professor Alcina Prata, a member of Social iVX, also presented two papers: &#8220;Additional information to news videos, generated through an iTV based crossmedia system&#8221; and &#8220;Personalized extra information to documentary videos, generated through an iTV crossmedia system&#8221;, also signed by Teresa Chambel and Jorge Ferraz de Abreu.<\/span><\/p>\n<\/div>\n\t\t<\/div><div id=\"panel-12919-0-0-5\" class=\"so-panel widget_themegrill_suffice_image tg-widget tg-image-widget\" data-index=\"5\" style=\"margin-bottom: 30px\" >\t<img decoding=\"async\" src=\"http:\/\/socialivx.web.ua.pt\/wp-content\/uploads\/2023\/10\/Captura-de-Tela-2023-10-18-a\u0300s-13.57.35.png\" \/>\n<\/div><div id=\"panel-12919-0-0-6\" class=\"so-panel widget_text panel-last-child\" data-index=\"6\" >\t\t\t<div class=\"textwidget\"><p>All the presentations can be watched at: <a href=\"https:\/\/freeauti.interactvty.com\/web\/#\/content\/\" target=\"_blank\" rel=\"noopener\">https:\/\/freeauti.interactvty.com\/web\/#\/content\/<\/a><\/p>\n<\/div>\n\t\t<\/div><\/div><\/div><\/div>","protected":false},"excerpt":{"rendered":"<p>Social iVX was present at the jAUTI2023 conference &#8211; XII Jornadas Iberoamericanas sobre Aplicaciones y Usabilidad de la TV Interactiva. The event was held as part of the Cybersociety 2023 congress, which took place in Havana, Cuba.<\/p>\n","protected":false},"author":4,"featured_media":12922,"comment_status":"closed","ping_status":"open","sticky":false,"template":"","format":"standard","meta":{"editor_plus_copied_stylings":"{}","footnotes":""},"categories":[207],"tags":[],"class_list":["post-12919","post","type-post","status-publish","format-standard","has-post-thumbnail","hentry","category-social-itv"],"_links":{"self":[{"href":"https:\/\/socialivx.web.ua.pt\/index.php\/wp-json\/wp\/v2\/posts\/12919","targetHints":{"allow":["GET"]}}],"collection":[{"href":"https:\/\/socialivx.web.ua.pt\/index.php\/wp-json\/wp\/v2\/posts"}],"about":[{"href":"https:\/\/socialivx.web.ua.pt\/index.php\/wp-json\/wp\/v2\/types\/post"}],"author":[{"embeddable":true,"href":"https:\/\/socialivx.web.ua.pt\/index.php\/wp-json\/wp\/v2\/users\/4"}],"replies":[{"embeddable":true,"href":"https:\/\/socialivx.web.ua.pt\/index.php\/wp-json\/wp\/v2\/comments?post=12919"}],"version-history":[{"count":37,"href":"https:\/\/socialivx.web.ua.pt\/index.php\/wp-json\/wp\/v2\/posts\/12919\/revisions"}],"predecessor-version":[{"id":14269,"href":"https:\/\/socialivx.web.ua.pt\/index.php\/wp-json\/wp\/v2\/posts\/12919\/revisions\/14269"}],"wp:featuredmedia":[{"embeddable":true,"href":"https:\/\/socialivx.web.ua.pt\/index.php\/wp-json\/wp\/v2\/media\/12922"}],"wp:attachment":[{"href":"https:\/\/socialivx.web.ua.pt\/index.php\/wp-json\/wp\/v2\/media?parent=12919"}],"wp:term":[{"taxonomy":"category","embeddable":true,"href":"https:\/\/socialivx.web.ua.pt\/index.php\/wp-json\/wp\/v2\/categories?post=12919"},{"taxonomy":"post_tag","embeddable":true,"href":"https:\/\/socialivx.web.ua.pt\/index.php\/wp-json\/wp\/v2\/tags?post=12919"}],"curies":[{"name":"wp","href":"https:\/\/api.w.org\/{rel}","templated":true}]}}