{"id":11922,"date":"2023-06-23T16:27:42","date_gmt":"2023-06-23T16:27:42","guid":{"rendered":"http:\/\/socialivx.web.ua.pt\/?p=11922"},"modified":"2025-03-18T16:16:52","modified_gmt":"2025-03-18T16:16:52","slug":"imx-2023-social-itv","status":"publish","type":"post","link":"https:\/\/socialivx.web.ua.pt\/index.php\/2023\/06\/23\/imx-2023-social-itv\/","title":{"rendered":"Social iVX&#8217;s participation at IMX 2023!"},"content":{"rendered":"<div id=\"pl-11922\"  class=\"panel-layout\" ><div id=\"pg-11922-0\"  class=\"panel-grid panel-no-style\" ><div id=\"pgc-11922-0-0\"  class=\"panel-grid-cell\" ><div id=\"panel-11922-0-0-0\" class=\"so-panel widget_text panel-first-child\" data-index=\"0\" style=\"margin-bottom: 30px\" >\t\t\t<div class=\"textwidget\"><p><span style=\"font-weight: 400;\">Juliana Camargo and Tiffany Marques, PHD students in the Information and Communication in Digital Platforms (ICPD) program and members of the Social iVX group, presented their work at the <a href=\"https:\/\/imx.acm.org\/2023\/\" target=\"_blank\" rel=\"noopener\">IMX 2023<\/a> conference. The event took place from June 12th to 15th in Nantes, France. Both of them submitted papers for the Work in Progress (WIP) category and had their work accepted.<\/span><\/p>\n<p><span style=\"font-weight: 400;\">Juliana and Tiffany have conducted research in the field of interactive television and are scholarships holders with grants from the Funda\u00e7\u00e3o para a Ci\u00eancia e Tecnologia (FCT). Juliana&#8217;s study focuses on the use of a proactive assistant integrated into television to promote intergenerational interaction. Tiffany&#8217;s research investigates the impacts of promoting empathy through the introduction of proactive behaviors in intelligent assistants for iTV.<\/span><\/p>\n<p><span style=\"font-weight: 400;\">Professor Jorge Ferraz de Abreu, who is part of their mentoring team, was also present at the conference.<\/span><\/p>\n<\/div>\n\t\t<\/div><div id=\"panel-11922-0-0-1\" class=\"so-panel widget_media_image\" data-index=\"1\" style=\"margin-bottom: 30px\" ><figure style=\"width: 1024px\" class=\"wp-caption alignnone\"><img loading=\"lazy\" decoding=\"async\" width=\"1024\" height=\"576\" src=\"https:\/\/socialivx.web.ua.pt\/wp-content\/uploads\/2023\/06\/imx-conference-ux-universidade-aveiro-1024x576.jpeg\" class=\"image wp-image-11646  attachment-large size-large\" alt=\"\" style=\"max-width: 100%; height: auto;\" srcset=\"https:\/\/socialivx.web.ua.pt\/wp-content\/uploads\/2023\/06\/imx-conference-ux-universidade-aveiro-1024x576.jpeg 1024w, https:\/\/socialivx.web.ua.pt\/wp-content\/uploads\/2023\/06\/imx-conference-ux-universidade-aveiro-300x169.jpeg 300w, https:\/\/socialivx.web.ua.pt\/wp-content\/uploads\/2023\/06\/imx-conference-ux-universidade-aveiro-768x432.jpeg 768w, https:\/\/socialivx.web.ua.pt\/wp-content\/uploads\/2023\/06\/imx-conference-ux-universidade-aveiro-e1687531428821.jpeg 1200w\" sizes=\"auto, (max-width: 1024px) 100vw, 1024px\" \/><figcaption class=\"wp-caption-text\">Juliana presenting her Work in Progress at the IMX 2023 conference<\/figcaption><\/figure><\/div><div id=\"panel-11922-0-0-2\" class=\"so-panel widget_media_image panel-last-child\" data-index=\"2\" ><figure style=\"width: 1024px\" class=\"wp-caption alignnone\"><img loading=\"lazy\" decoding=\"async\" width=\"1024\" height=\"678\" src=\"https:\/\/socialivx.web.ua.pt\/wp-content\/uploads\/2023\/06\/DSC_5999-1024x678.jpg\" class=\"image wp-image-11640  attachment-large size-large\" alt=\"\" style=\"max-width: 100%; height: auto;\" srcset=\"https:\/\/socialivx.web.ua.pt\/wp-content\/uploads\/2023\/06\/DSC_5999-1024x678.jpg 1024w, https:\/\/socialivx.web.ua.pt\/wp-content\/uploads\/2023\/06\/DSC_5999-300x199.jpg 300w, https:\/\/socialivx.web.ua.pt\/wp-content\/uploads\/2023\/06\/DSC_5999-768x509.jpg 768w, https:\/\/socialivx.web.ua.pt\/wp-content\/uploads\/2023\/06\/DSC_5999-e1687531445404.jpg 1200w\" sizes=\"auto, (max-width: 1024px) 100vw, 1024px\" \/><figcaption class=\"wp-caption-text\">Tiffany presenting her work at IMX 2023<\/figcaption><\/figure><\/div><\/div><\/div><\/div>","protected":false},"excerpt":{"rendered":"<p>Juliana Camargo and Tiffany Marques, PHD students in the ICPD program and members of the Social iTV group, presented their work at the IMX 2023.<\/p>\n","protected":false},"author":4,"featured_media":11631,"comment_status":"closed","ping_status":"open","sticky":false,"template":"","format":"standard","meta":{"editor_plus_copied_stylings":"{}","footnotes":""},"categories":[207],"tags":[],"class_list":["post-11922","post","type-post","status-publish","format-standard","has-post-thumbnail","hentry","category-social-itv"],"_links":{"self":[{"href":"https:\/\/socialivx.web.ua.pt\/index.php\/wp-json\/wp\/v2\/posts\/11922","targetHints":{"allow":["GET"]}}],"collection":[{"href":"https:\/\/socialivx.web.ua.pt\/index.php\/wp-json\/wp\/v2\/posts"}],"about":[{"href":"https:\/\/socialivx.web.ua.pt\/index.php\/wp-json\/wp\/v2\/types\/post"}],"author":[{"embeddable":true,"href":"https:\/\/socialivx.web.ua.pt\/index.php\/wp-json\/wp\/v2\/users\/4"}],"replies":[{"embeddable":true,"href":"https:\/\/socialivx.web.ua.pt\/index.php\/wp-json\/wp\/v2\/comments?post=11922"}],"version-history":[{"count":29,"href":"https:\/\/socialivx.web.ua.pt\/index.php\/wp-json\/wp\/v2\/posts\/11922\/revisions"}],"predecessor-version":[{"id":14248,"href":"https:\/\/socialivx.web.ua.pt\/index.php\/wp-json\/wp\/v2\/posts\/11922\/revisions\/14248"}],"wp:featuredmedia":[{"embeddable":true,"href":"https:\/\/socialivx.web.ua.pt\/index.php\/wp-json\/wp\/v2\/media\/11631"}],"wp:attachment":[{"href":"https:\/\/socialivx.web.ua.pt\/index.php\/wp-json\/wp\/v2\/media?parent=11922"}],"wp:term":[{"taxonomy":"category","embeddable":true,"href":"https:\/\/socialivx.web.ua.pt\/index.php\/wp-json\/wp\/v2\/categories?post=11922"},{"taxonomy":"post_tag","embeddable":true,"href":"https:\/\/socialivx.web.ua.pt\/index.php\/wp-json\/wp\/v2\/tags?post=11922"}],"curies":[{"name":"wp","href":"https:\/\/api.w.org\/{rel}","templated":true}]}}